{"id":17776,"date":"2024-11-29T20:38:37","date_gmt":"2024-11-29T17:38:37","guid":{"rendered":"https:\/\/bizix.com.tr\/?p=17776"},"modified":"2025-02-07T10:11:29","modified_gmt":"2025-02-07T07:11:29","slug":"turizmde-gelecegi-sekillendiren-adimlar-surdurulebilirlik-belgesi-2-asama","status":"publish","type":"post","link":"https:\/\/bizix.com.tr\/de\/turizmde-gelecegi-sekillendiren-adimlar-surdurulebilirlik-belgesi-2-asama\/","title":{"rendered":"Turizmde Gelece\u011fi \u015eekillendiren Ad\u0131mlar: S\u00fcrd\u00fcr\u00fclebilirlik Belgesi 2. A\u015fama"},"content":{"rendered":"<figure class=\"wp-block-image size-large\"><img fetchpriority=\"high\" decoding=\"async\" width=\"1024\" height=\"550\" src=\"https:\/\/bizix.com.tr\/wp-content\/uploads\/2024\/11\/surdurulebilir_turizm_1nci_asama-1024x550.webp\" alt=\"Surdurulebilir Turizm 1nci A\u015fama\" class=\"wp-image-17778\" srcset=\"https:\/\/bizix.com.tr\/wp-content\/uploads\/2024\/11\/surdurulebilir_turizm_1nci_asama-1024x550.webp 1024w, https:\/\/bizix.com.tr\/wp-content\/uploads\/2024\/11\/surdurulebilir_turizm_1nci_asama-300x161.webp 300w, https:\/\/bizix.com.tr\/wp-content\/uploads\/2024\/11\/surdurulebilir_turizm_1nci_asama-768x413.webp 768w, https:\/\/bizix.com.tr\/wp-content\/uploads\/2024\/11\/surdurulebilir_turizm_1nci_asama-1536x826.webp 1536w, https:\/\/bizix.com.tr\/wp-content\/uploads\/2024\/11\/surdurulebilir_turizm_1nci_asama-18x10.webp 18w, https:\/\/bizix.com.tr\/wp-content\/uploads\/2024\/11\/surdurulebilir_turizm_1nci_asama.webp 1920w\" sizes=\"(max-width: 1024px) 100vw, 1024px\" \/><\/figure>\n\n\n\n<p>T\u00fcrkiye\u2019nin S\u00fcrd\u00fcr\u00fclebilir Turizm g\u00fcndemi son h\u0131z\u0131yla umut verici haberlerle bizi sevindirmeye devam ediyor! Anadolu ajans\u0131n\u0131n haberine g\u00f6re K\u00fcresel S\u00fcrd\u00fcr\u00fclebilirlik Konseyi temsilcisi Dr. Mihee Kang (Kendisi GSTC denet\u00e7i kursunda e\u011fitim alm\u0131\u015f hepimizin hocas\u0131d\u0131r) \u0130zmir&#8217;in \u00d6demi\u015f il\u00e7esine ba\u011fl\u0131 Birgi Mahallesi\u2019nin korunmu\u015f mimari yap\u0131lar\u0131n\u0131n kendisini inan\u0131lmaz derecede etkiledi\u011fini s\u00f6ylemi\u015f. Mimari dokusunu as\u0131rlarca koruyan mahalle i\u00e7in, s\u00fcrd\u00fcr\u00fclebilir destinasyon belgesi i\u00e7in de\u011ferlendirme \u00e7al\u0131\u015fmalar\u0131n\u0131n ba\u015flayaca\u011f\u0131 bilgisi verilmi\u015f.<\/p>\n\n\n\n<p>Bu g\u00fczel haberi veren GSTC direkt\u00f6r\u00fc Dr. Kang ayn\u0131 zamanda s\u00fcrd\u00fcr\u00fclebilir turizmde T\u00fcrkiye\u2019nin inan\u0131lmaz bir ba\u015far\u0131 kaydetti\u011fini ifade etmi\u015f.<\/p>\n\n\n\n<p>K\u00fclt\u00fcr ve Turizm Bakanl\u0131\u011f\u0131 25 Temmuz 2024 tarihinde bir genelge ile (2024\/5) T\u00fcrkiye S\u00fcrd\u00fcr\u00fclebilir Turizm Program\u0131 2. A\u015fama Belgesini almalar\u0131 i\u00e7in son tarih 31.12.2025 olarak belirlendi\u011fini duyurdu.<\/p>\n\n\n\n<p>Bu ne anlama geliyor; T\u00fcrkiye genelinde 24531 (Haziran 2024 verisidir) adet konaklama tesisinden halihaz\u0131rda 1. A\u015fama belgesini alan yakla\u015f\u0131k 17000 konaklama i\u015fletmesi, 2025 y\u0131l\u0131 sonuna kadar 2. A\u015fama belgesini almak zorunda kalacak.<\/p>\n\n\n\n<p>S\u00fcrd\u00fcr\u00fclebilir turizm sertifikas\u0131, K\u00fcresel S\u00fcrd\u00fcr\u00fclebilir Turizm konseyinin yay\u0131nlam\u0131\u015f oldu\u011fu toplam 42 kritere g\u00f6re verilmekte. Bu sertifikasyon T\u00fcrk konaklama tesisleri i\u00e7in yumu\u015fak ge\u00e7i\u015f amac\u0131yla 3 a\u015famaya b\u00f6l\u00fcnm\u00fc\u015ft\u00fc. 1. A\u015famada 14 kriter, 2.A\u015famada 15 Kriter, 3. A\u015famada 13 kriter olarak sertifika almadan \u00f6nce Turizm geli\u015ftirme Ajans\u0131 (TGA) taraf\u0131ndan kriterlere uyum do\u011frulamas\u0131 yap\u0131larak belgelendiriliyor.<\/p>\n\n\n\n<p>1.A\u015fama S\u00fcrd\u00fcr\u00fclebilir Turizm Belgesinin al\u0131nmas\u0131 konaklama tesisleri i\u00e7in biraz ani olmakla beraber, S\u00fcrd\u00fcr\u00fclebilir Turizmin beklentileri, genellikle denetim s\u00fcre\u00e7lerinde i\u015fletmeler taraf\u0131ndan daha fazla idrak edildi.<\/p>\n\n\n\n<h2 class=\"wp-block-heading\" id=\"1nciasama\"><strong>1. A\u015fama belgelendirme s\u00fcrecinde oteller denetime haz\u0131r olmak i\u00e7in neler yapmal\u0131yd\u0131 bir hat\u0131rlayal\u0131m:<\/strong><\/h2>\n\n\n\n<ul class=\"wp-block-list\">\n<li>B\u00fcy\u00fckl\u00fck ve kapsamlar\u0131na uygun bir y\u00f6netim sistemi olu\u015fturmalar\u0131 gerekliydi. Bu y\u00f6netim sistemleri \u00e7evresel, sosyal, k\u00fclt\u00fcrel, ekonomik, kalite, insan haklar\u0131, sa\u011fl\u0131k, g\u00fcvenlik, s\u00fcrd\u00fcr\u00fclebilir risk analizi ve y\u00f6netimi konular\u0131n\u0131 ele alan ve s\u00fcrekli iyile\u015ftirmeye dayanan uzun vadeli bir politika ve talimatlar b\u00fct\u00fcn\u00fcyd\u00fc. \u0130\u015fletmelere \u201cPlanla, uygula, kontrol et, \u00d6nlem al\u201d d\u00f6ng\u00fcs\u00fc i\u00e7in y\u00f6netim sitemlerini uygulamalar\u0131n\u0131 tavsiye ettik.<\/li>\n\n\n\n<li>Bir konaklama i\u015fletmesinin tabii oldu\u011fu t\u00fcm yasalar\u0131n takip edilmesi, yasalara uygun faaliyet g\u00f6sterip g\u00f6stermedikleri kontrol ettik. Hatta bu vesile ile b\u00fcy\u00fckl\u00fc k\u00fc\u00e7\u00fckl\u00fc t\u00fcm i\u015fletmeler istisnas\u0131z \u201cS\u0131f\u0131r At\u0131k Belgesi\u201d ve \u201cMSF &amp; M\u00dcZFED\u201d m\u00fczik lisanslar\u0131n\u0131, ISG Risk Analizi ve Acil Durum Eylem Plan\u0131 alm\u0131\u015f olduklar\u0131ndan emin olduk.<\/li>\n\n\n\n<li>S\u00fcrd\u00fcr\u00fclebilir Turizm faaliyetlerini icra ederken y\u00f6netim sisteminin geli\u015ftirmek i\u00e7in personelinin deste\u011fini alm\u0131\u015f oldu\u011funa, e\u011fitimler ile s\u00fcrd\u00fcr\u00fclebilirlik faaliyetlerin bir par\u00e7as\u0131 haline getirmelerini sorgulad\u0131k.<\/li>\n\n\n\n<li>Konaklama i\u015fletmelerinde misafir \u015fikayetlerinin ne kadar \u00f6nemsendi\u011fini ve ilgili d\u00fczeltmelerin yap\u0131l\u0131p yap\u0131lmad\u0131\u011f\u0131n\u0131 kontrol ettik.<\/li>\n\n\n\n<li>\u0130\u015fletmelerin \u201cHerkes i\u00e7in eri\u015fim\u201d (engellilere uygunluk) uygulamalar\u0131n\u0131 bakanl\u0131k taraf\u0131ndan belirlenen nitelikler y\u00f6netmeli\u011fine uygun olarak y\u00fcr\u00fct\u00fcld\u00fc\u011f\u00fcn\u00fc kontrol ettik.<\/li>\n\n\n\n<li>\u0130\u015fletmelerin sat\u0131n ald\u0131\u011f\u0131 \u00fcr\u00fcnlerde yerel b\u00f6lgesel tedarik\u00e7ilere \u00f6ncelik vermesini, sat\u0131n al\u0131nan \u00fcr\u00fcnlerde \u00e7evreye duyarl\u0131 materyaller tercih edilmesini ve daha az at\u0131k \u00e7\u0131kartmaya y\u00f6nelik sat\u0131n almalar\u0131n yap\u0131lmas\u0131n\u0131 kontrol ettik.<\/li>\n\n\n\n<li>\u0130\u015fletmelerin; yerel b\u00f6lgesel k\u00fclt\u00fcrel miras\u0131 misafirlerine tan\u0131tmak i\u00e7in sarfettikleri \u00e7abay\u0131 sorgulad\u0131k.<\/li>\n\n\n\n<li>Enerji ve Su tasarrufu yapmak i\u00e7in gerekli mekanizmalar\u0131 olu\u015fturduklar\u0131n\u0131, t\u00fcketimlerini izleyerek kay\u0131t alt\u0131na ald\u0131klar\u0131n\u0131, somut hedefler ile tasarrufu y\u00f6nettiklerini do\u011frulad\u0131k<\/li>\n\n\n\n<li>At\u0131k su kalitesini takip ettiklerinden, at\u0131k su y\u00fcz\u00fcnden \u00e7evreye bir zarar vermediklerinden emin olduk<\/li>\n\n\n\n<li>T\u00fcm at\u0131klar\u0131n\u0131 \u00e7e\u015fitlerine g\u00f6re izleyerek kay\u0131t alt\u0131na ald\u0131klar\u0131n\u0131, at\u0131klar nedeniyle \u00e7evrede olumsuz bir etki yaratmad\u0131klar\u0131n\u0131, at\u0131klar\u0131 bertaraf ederken yasalara uyduklar\u0131n\u0131 sorgulad\u0131k.<\/li>\n\n\n\n<li>At\u0131klar\u0131n\u0131 bertaraf edilmesi i\u00e7in yetkili firmalara teslim ettiklerini kan\u0131tlar\u0131 ile do\u011frulad\u0131k<\/li>\n\n\n\n<li>B\u00fct\u00fcn bu faaliyetlerini \u015feffaf olarak raporlamalar\u0131n\u0131 ve d\u00fcnya ile payla\u015fmalar\u0131n\u0131 istedik\u2026<\/li>\n<\/ul>\n\n\n\n<p>\u00c7o\u011fu bilin\u00e7li i\u015fletmenin, asl\u0131nda dolayl\u0131 olarak uygulad\u0131\u011f\u0131 faaliyetler olsa da bunlar\u0131n bir sistemati\u011fe d\u00f6n\u00fc\u015ft\u00fcr\u00fclmesi, \u00f6ncesinde kapsaml\u0131 bir haz\u0131rl\u0131k a\u015famas\u0131 gerektirdi. Bu arada 5 odas\u0131 ile Kar\u0131-Koca taraf\u0131ndan i\u015fletilen bir aile pansiyonu da 400 odal\u0131 y\u00fczlerce personeli olan bir i\u015fletmede ayn\u0131 kriterlere g\u00f6re do\u011frulanarak belgelendirildi.<\/p>\n\n\n\n<p>\u0130\u015fletmeler, ba\u015flad\u0131klar\u0131 noktaya g\u00f6re geli\u015fme, ilerleme kaydetmesi beklentisi ile her y\u0131l tekrar denetlenecek. Nas\u0131l bir geli\u015fmeden bahsediyoruz, hadi bir \u00f6rnek verelim:<\/p>\n\n\n\n<ul class=\"wp-block-list\">\n<li>\u0130\u015fletme tekrarlayan misafir \u015fikayetleri ile do\u011fu cephesindeki odalar\u0131ndan a\u015f\u0131r\u0131 s\u0131cak \u015fik\u00e2yeti al\u0131yor, klimalar\u0131n tam kapasitede \u00e7al\u0131\u015fmas\u0131na ra\u011fmen yetersiz iklimlendirme sorunu ile kar\u015f\u0131 kar\u015f\u0131ya kalm\u0131\u015f. Bu \u015fikayetleri bertaraf etmek i\u00e7in, do\u011fu cephesindeki odalar\u0131na yans\u0131t\u0131c\u0131 cam filmi uygulayarak oda s\u0131cakl\u0131\u011f\u0131n\u0131 5-8 derece d\u00fc\u015f\u00fcrmeyi ba\u015farm\u0131\u015f. Bu sayede elektrik tasarrufu net olarak t\u00fcketimlerine yans\u0131d\u0131\u011f\u0131 gibi m\u00fc\u015fteri memnuniyeti oran\u0131n\u0131 artt\u0131rm\u0131\u015f.<\/li>\n<\/ul>\n\n\n\n<p>Bu \u00f6rnek tekrar denetim ge\u00e7iren bir konaklama i\u015fletmesinde s\u00fcrd\u00fcr\u00fclebilirlik bilinci ile faaliyetlerini devam ettirdi\u011fi i\u00e7in takdir edilecektir.<\/p>\n\n\n\n<p>Evet, konaklama i\u015fletmelerinin 2025 y\u0131l\u0131nda 1. A\u015famada de\u011ferlendirildikleri 14 kriteri s\u00fcrd\u00fcrd\u00fckleri ve geli\u015ftirdikleri tekrar sorgulanacak ve \u00fczerine 15 kriter daha ilave olarak toplam 29 kriter i\u00e7in de\u011ferlendirme ge\u00e7irecekler.<\/p>\n\n\n\n<figure class=\"wp-block-image size-large is-resized\"><img decoding=\"async\" width=\"1024\" height=\"534\" src=\"https:\/\/bizix.com.tr\/wp-content\/uploads\/2024\/11\/next_phase-1024x534.webp\" alt=\"\" class=\"wp-image-17779\" style=\"width:403px;height:auto\" srcset=\"https:\/\/bizix.com.tr\/wp-content\/uploads\/2024\/11\/next_phase-1024x534.webp 1024w, https:\/\/bizix.com.tr\/wp-content\/uploads\/2024\/11\/next_phase-300x157.webp 300w, https:\/\/bizix.com.tr\/wp-content\/uploads\/2024\/11\/next_phase-768x401.webp 768w, https:\/\/bizix.com.tr\/wp-content\/uploads\/2024\/11\/next_phase-18x9.webp 18w, https:\/\/bizix.com.tr\/wp-content\/uploads\/2024\/11\/next_phase.webp 1200w\" sizes=\"(max-width: 1024px) 100vw, 1024px\" \/><\/figure>\n\n\n\n<h2 class=\"wp-block-heading\" id=\"2nciasama\"><strong>2.A\u015fama kriterleri neler?<\/strong><\/h2>\n\n\n\n<p>S\u00fcrd\u00fcr\u00fclebilir Turizm faaliyetlerinizi i\u00e7inde bulundu\u011funuz d\u00f6nemden ziyade bir \u00f6nceki d\u00f6nemdeki faaliyetlerinize g\u00f6re raporlayarak tetkik ge\u00e7irirsiniz. Bunun nedeni ise beklenen faaliyetlerin \u00e7o\u011fu g\u00fcnl\u00fck tamamlanabilecek faaliyetler olmad\u0131\u011f\u0131 gibi zamana yay\u0131lan aksiyonlar ile b\u00fct\u00fcnl\u00fck ve anlam kazanacak faaliyetlerdir.<\/p>\n\n\n\n<p>\u0130\u015fte bu da 2025 de y\u00fcr\u00fcrl\u00fc\u011fe girecek olan 2.A\u015fama belge denetiminiz i\u00e7in, 2024 y\u0131l\u0131nda haz\u0131rlamaya ba\u015flaman\u0131z\u0131 anlaml\u0131 hale getiriyor de\u011fil mi?<\/p>\n\n\n\n<p>\u015eimdi, <strong>2. A\u015fama<\/strong> kriterlerini g\u00f6zden ge\u00e7irelim ve bir konaklama i\u015fletmesi i\u00e7in haz\u0131rl\u0131klar\u0131n nas\u0131l yap\u0131laca\u011f\u0131n\u0131 birlikte idrak edelim:<\/p>\n\n\n\n<ul class=\"wp-block-list\">\n<li>Yerel\/b\u00f6lgesel malzemeler kullanarak, m\u00fcmk\u00fcnse yerel k\u00fclt\u00fcr\u00fcn yans\u0131t\u0131ld\u0131\u011f\u0131 el sanatlar\u0131n\u0131n da kullan\u0131ld\u0131\u011f\u0131 bir tasar\u0131ma sahip olman\u0131z beklenir. Varsa bah\u00e7e d\u00fczenlemenizde endemik, az su gerektiren, istilac\u0131 t\u00fcrlerden ar\u0131nd\u0131r\u0131lm\u0131\u015f bir peyzaj kullanmal\u0131s\u0131n\u0131z!<\/li>\n\n\n\n<li>B\u00f6lgenizdeki turizmle ilgili planlama ve y\u00f6netim toplant\u0131lar\u0131na ve faaliyetlerine kat\u0131l\u0131yor musunuz? STK\u2019lar taraf\u0131ndan y\u00fcr\u00fct\u00fclen bu faaliyetlere \u00fcyeli\u011finizi ve kat\u0131l\u0131m\u0131n\u0131z\u0131 belgelemelisiniz! E\u011fer b\u00f6lgenizde bu t\u00fcr faaliyetler yetersizse bir an \u00f6nce organize olman\u0131n tam zaman\u0131.<\/li>\n\n\n\n<li>\u015e\u00fcphesiz i\u015fletmeniz bulundu\u011fu b\u00f6lgedeki halka gelirlerinin bir b\u00f6l\u00fcm\u00fc ile destek olmay\u0131 g\u00f6rev edinmi\u015ftir. B\u00f6lge halk\u0131n\u0131n menfaati i\u00e7in yap\u0131lan ayni, maddi, ya da e\u011fitim &amp; k\u00fclt\u00fcr tabanl\u0131 her t\u00fcrl\u00fc faaliyetinizi raporlayarak sunacaks\u0131n\u0131z. \u00c7al\u0131\u015fanlar\u0131n\u0131z\u0131n hat\u0131r\u0131 say\u0131l\u0131r bir b\u00f6l\u00fcm\u00fcn\u00fcn yerel halktan olmas\u0131 takdir edilecek. Ayr\u0131ca, halk\u0131n i\u015fletmenizin faaliyetleri nedeniyle halka ait herhangi bir hakk\u0131 k\u0131s\u0131tlamad\u0131\u011f\u0131n\u0131 da do\u011frulaman\u0131z gerekiyor. \u00d6rne\u011fin; halk\u0131n plaj\u0131 kullanmas\u0131 i\u00e7in ge\u00e7i\u015fini engellememek gibi\u2026<\/li>\n\n\n\n<li>\u0130\u015fletmenizin varl\u0131\u011f\u0131 ile yerel halk\u0131n ya\u015fam \u015fartlar\u0131n\u0131 de\u011fi\u015ftirmi\u015f olabilir misiniz? Lojman vermedi\u011finiz i\u00e7in kiralar artm\u0131\u015f m\u0131? \u0130\u015fletmenizin kapasitesi nedeniyle su yetersizli\u011fi ba\u015f g\u00f6stermi\u015f mi? B\u00f6lgede bir trafik ya da park yeri krizine neden oluyor musunuz? Peki bu t\u00fcr sorunlar i\u00e7in ne yapmay\u0131 planlad\u0131n\u0131z?<\/li>\n\n\n\n<li>Bu kez \u00e7al\u0131\u015fanlar\u0131n\u0131z ile rastgele m\u00fclakatlar yap\u0131laca\u011f\u0131n\u0131 unutmay\u0131n, sayg\u0131n, adil, bir \u00e7al\u0131\u015fma ortam\u0131 sundu\u011funuz, insani \u015fartlarda \u00e7al\u0131\u015f\u0131ld\u0131\u011f\u0131 ve ge\u00e7inmelerine yeterli \u00fccret \u00f6dendi\u011fi sorgulanacak. Cins, din, dil, memleket gibi unsurlara bak\u0131lmaks\u0131z\u0131n f\u0131rsat e\u015fitli\u011fi verilmesi \u00f6nemli bir kriter.<\/li>\n\n\n\n<li>\u0130\u015fletmeniz etraf\u0131ndaki k\u00fclt\u00fcrel mirastan haberdar m\u0131s\u0131n\u0131z? \u0130lk i\u015f bunlar\u0131 listeleyin ve korumak geli\u015ftirmek i\u00e7in neler yapabilece\u011finize bir bak\u0131n. \u0130\u015fletmenizden bu faaliyetlerinizi kan\u0131tlaman\u0131z istenecek.<\/li>\n\n\n\n<li>Art\u0131k yeni bir g\u00fcndeminiz var \u201cKarbon Ayak \u0130zi\u201d evet i\u015fletmeniz taraf\u0131ndan direk \u00fcretti\u011finiz karbon ayak izini hesaplamak ve takip etmekle y\u00fck\u00fcml\u00fcs\u00fcn\u00fcz! Merak etmeyin kendi ba\u015f\u0131n\u0131za yapabilece\u011finiz bir etkinlik, kompleks oldu\u011funu \u00f6ne s\u00fcrenlere \u00e7abuk kanmay\u0131n!<\/li>\n\n\n\n<li>Karbon ayak izinin \u00f6nemli bir k\u0131sm\u0131 ta\u015f\u0131mac\u0131l\u0131k yoluyla \u00fcretiliyor. Tedarik\u00e7ilerinizin teslimat s\u0131kl\u0131\u011f\u0131ndan tutunda, personel servislerinin planlamas\u0131, m\u00fc\u015fterilerinizi toplu ta\u015f\u0131maya y\u00f6nlendirmeye kadar bir\u00e7ok konuda kan\u0131t sunman\u0131z bekleniyor!<\/li>\n\n\n\n<li>Tehlikeli at\u0131klar\u0131 nas\u0131l y\u00f6netti\u011finiz de\u011ferlendirilecek. Depolaman\u0131z, ta\u015f\u0131man\u0131z, at\u0131klar\u0131 nas\u0131l bertaraf etti\u011finiz \u00f6nemli.<\/li>\n\n\n\n<li>Kirlilik denince pek \u00e7o\u011fu kat\u0131 at\u0131k kirlili\u011fini hat\u0131rlar. S\u00fcrd\u00fcr\u00fclebilir turizm, g\u00fcr\u00fclt\u00fc, \u0131\u015f\u0131k, erozyon, ozon tabakas\u0131n\u0131 incelten maddeler ile hava, su ve toprak kirleticilerden kaynaklanan kirlili\u011fe sebep olup olmad\u0131\u011f\u0131n\u0131z\u0131 sorgulayacak. Kontrol\u00fcn\u00fcz d\u0131\u015f\u0131nda bu kirliliklerin ortaya \u00e7\u0131kmamas\u0131 i\u00e7in ald\u0131\u011f\u0131n\u0131z \u00f6nlemleri kan\u0131tlaman\u0131z istenecek.<\/li>\n\n\n\n<li>Biyolojik \u00e7e\u015fitlili\u011fi korumak s\u00f6z konusu oldu\u011funda bilin\u00e7li misiniz? Do\u011fal ekosistemleri etkileyecek bir faaliyetiniz var m\u0131? Bu konuyla ilgili yerel STK\u2019lar\u0131 ile i\u015f birli\u011finiz var m\u0131? Kan\u0131tlaman\u0131z gereken bir hayli konu var.<\/li>\n\n\n\n<li>Do\u011fal ya\u015fam alanlar\u0131n\u0131 ziyaret edecekler i\u00e7in bir y\u00f6nerge olu\u015fturman\u0131z ve e\u011fitim yoluyla bunu aktarman\u0131z bekleniyor. Ayr\u0131ca tesisiniz k\u0131rsal b\u00f6lge yak\u0131nlar\u0131nda ise yaban hayat\u0131 ile etkile\u015fime girilmesi muhtemel b\u00f6lgeler i\u00e7in uyar\u0131lar\u0131n\u0131z bulunmal\u0131\u2026<\/li>\n<\/ul>\n\n\n\n<p><\/p>\n\n\n\n<p>A\u00e7\u0131k\u00e7a sorumluluklar bir \u00f6nceki a\u015famaya g\u00f6re art\u0131yor. \u00c7ok \u00e7al\u0131\u015fan\u0131 olan i\u015fletmelerde bu sorumluluklar\u0131 yerine getirmek, s\u0131k s\u0131k yap\u0131lacak koordinasyon ve de\u011ferlendirme m\u00fctalaalar\u0131 ile \u015fekillenecektir. Y\u00f6netimin g\u00f6zden ge\u00e7irilmesi (YGG) toplant\u0131lar\u0131n\u0131n, y\u00f6netim sistemlerinde \u00f6nemli bir a\u015fama belirleyici oldu\u011funu unutmamak gerekir.<\/p>\n\n\n\n<p>\u201cS\u00fcrd\u00fcr\u00fclebilir Turizm\u201d uygunlu\u011fu, bir k\u00fclfet ya da ilave maliyet yaratan bir faaliyetler b\u00fct\u00fcn\u00fc de\u011fildir. Bilakis, operasyonlar\u0131n\u0131z\u0131 optimize etmek, tasarrufa y\u00f6nlendirmek, kurulu\u015funuzu kal\u0131c\u0131 k\u0131lmak ad\u0131na menfaatlerinizi koruyan bir sistemdir.<\/p>\n\n\n\n<p>Bir kurulu\u015fta, S\u00fcrd\u00fcr\u00fclebilir turizm unsurlar\u0131na sahip \u00e7\u0131k\u0131lan seviyenin, i\u015fletme ortaklar\u0131ndan ba\u015flayarak, \u00fcst d\u00fczey y\u00f6neticiler ile devam etmesi sistemin ba\u015far\u0131l\u0131 olmas\u0131n\u0131 etkileyen en \u00f6nemli fakt\u00f6rd\u00fcr.<\/p>\n\n\n\n<p>S\u00fcrd\u00fcr\u00fclebilir g\u00fcnler dileriz.<\/p>","protected":false},"excerpt":{"rendered":"<p>T\u00fcrkiye\u2019nin S\u00fcrd\u00fcr\u00fclebilir Turizm g\u00fcndemi son h\u0131z\u0131yla umut verici haberlerle bizi sevindirmeye devam ediyor! Anadolu ajans\u0131n\u0131n haberine g\u00f6re K\u00fcresel S\u00fcrd\u00fcr\u00fclebilirlik Konseyi temsilcisi Dr. Mihee Kang (Kendisi GSTC denet\u00e7i kursunda e\u011fitim alm\u0131\u015f hepimizin hocas\u0131d\u0131r) \u0130zmir&#8217;in \u00d6demi\u015f il\u00e7esine ba\u011fl\u0131 Birgi Mahallesi\u2019nin korunmu\u015f mimari yap\u0131lar\u0131n\u0131n kendisini inan\u0131lmaz derecede etkiledi\u011fini s\u00f6ylemi\u015f. Mimari dokusunu as\u0131rlarca koruyan mahalle i\u00e7in, s\u00fcrd\u00fcr\u00fclebilir destinasyon belgesi [&hellip;]<\/p>\n","protected":false},"author":1,"featured_media":17778,"comment_status":"open","ping_status":"closed","sticky":false,"template":"","format":"standard","meta":{"_joinchat":[],"footnotes":""},"categories":[319],"tags":[],"class_list":["post-17776","post","type-post","status-publish","format-standard","has-post-thumbnail","hentry","category-surdurulebilir-turizm"],"_links":{"self":[{"href":"https:\/\/bizix.com.tr\/de\/wp-json\/wp\/v2\/posts\/17776","targetHints":{"allow":["GET"]}}],"collection":[{"href":"https:\/\/bizix.com.tr\/de\/wp-json\/wp\/v2\/posts"}],"about":[{"href":"https:\/\/bizix.com.tr\/de\/wp-json\/wp\/v2\/types\/post"}],"author":[{"embeddable":true,"href":"https:\/\/bizix.com.tr\/de\/wp-json\/wp\/v2\/users\/1"}],"replies":[{"embeddable":true,"href":"https:\/\/bizix.com.tr\/de\/wp-json\/wp\/v2\/comments?post=17776"}],"version-history":[{"count":0,"href":"https:\/\/bizix.com.tr\/de\/wp-json\/wp\/v2\/posts\/17776\/revisions"}],"wp:featuredmedia":[{"embeddable":true,"href":"https:\/\/bizix.com.tr\/de\/wp-json\/wp\/v2\/media\/17778"}],"wp:attachment":[{"href":"https:\/\/bizix.com.tr\/de\/wp-json\/wp\/v2\/media?parent=17776"}],"wp:term":[{"taxonomy":"category","embeddable":true,"href":"https:\/\/bizix.com.tr\/de\/wp-json\/wp\/v2\/categories?post=17776"},{"taxonomy":"post_tag","embeddable":true,"href":"https:\/\/bizix.com.tr\/de\/wp-json\/wp\/v2\/tags?post=17776"}],"curies":[{"name":"wp","href":"https:\/\/api.w.org\/{rel}","templated":true}]}}