{"id":10568,"date":"2018-11-29T07:26:47","date_gmt":"2018-11-29T04:26:47","guid":{"rendered":"https:\/\/bizix.com.tr\/?p=10568"},"modified":"2020-05-30T15:46:31","modified_gmt":"2020-05-30T12:46:31","slug":"isletmeniz-icin-instagram-icerik-plani-olusturma","status":"publish","type":"post","link":"https:\/\/bizix.com.tr\/en\/isletmeniz-icin-instagram-icerik-plani-olusturma\/","title":{"rendered":"Creating Instagram Content Plan for Your Business"},"content":{"rendered":"<p>Organik Instagram takip\u00e7i say\u0131n\u0131z\u0131\nartt\u0131rmak ister misiniz? Instagram i\u00e7erik pazarlama rehberi mi ar\u0131yorsunuz?<\/p>\n\n\n\n<p><br>Bu makalede, i\u015fletmeniz i\u00e7in Instagram i\u00e7erik plan\u0131 n\u0131 nas\u0131l haz\u0131rlayaca\u011f\u0131n\u0131z, yarataca\u011f\u0131n\u0131z\u0131 ve optimize edece\u011finizi \u00f6\u011freneceksiniz.<\/p>\n\n\n\n<p><br>\n# 1: Instagram Profiliniz \u0130\u00e7in \u0130\u00e7erik Temas\u0131 Nas\u0131l Kurulur?<\/p>\n\n\n\n<p><br>\nBa\u015far\u0131l\u0131 bir Instagram hesab\u0131 a\u00e7man\u0131n ilk ad\u0131m\u0131 i\u00e7eri\u011finizi\nplanlamakt\u0131r. Instagram g\u00f6rsel bir platform oldu\u011fundan, i\u015fletme profilinizin\ng\u00f6r\u00fcn\u00fcm ve izlenimini tan\u0131mlayarak ba\u015flay\u0131n. <\/p>\n\n\n\n<p>Instagram i\u00e7in bir tema olu\u015ftururken, a\u015fa\u011f\u0131dakileri d\u00fc\u015f\u00fcnmeniz gerekir:<\/p>\n\n\n\n<ul class=\"wp-block-list\"><li>Kullan\u0131lacak renkler<\/li><li>Resimlerinize uygulanacak filtreler<\/li><li>Yay\u0131nlanacak i\u00e7eri\u011fin t\u00fcr\u00fc (bu a\u015famada yaln\u0131zca kaba\nbir fikir)<\/li><\/ul>\n\n\n\n<p>Hadi <a href=\"\/\/www.instagram.com\/canva\/\" target=\"_blank\" rel=\"noreferrer noopener\">Canva&#8217;n\u0131n<\/a>&nbsp;Instagram hesab\u0131na bir g\u00f6z at\u0131n.&nbsp;S\u00fcrekli\nfarkl\u0131 i\u00e7erik yay\u0131nl\u0131yorlar ancak kulland\u0131klar\u0131 renkler konusunda bir\ntutarl\u0131l\u0131k hakim.<\/p>\n\n\n\n<figure class=\"wp-block-image\"><img decoding=\"async\" src=\"\/\/bizix.com.tr\/wp-content\/post_image\/image001.jpg\" alt=\"Bizix Sosyal Medya Y\u00f6netimi\"\/><\/figure>\n\n\n\n<p>Profil sayfas\u0131nda ilerlerken, renkler organik olarak de\u011fi\u015fir, mordan \u015farap\nk\u0131rm\u0131z\u0131s\u0131na, akl\u0131n\u0131za gelebilecek herhangi bir renge.<\/p>\n\n\n\n<figure class=\"wp-block-image\"><img decoding=\"async\" src=\"\/\/bizix.com.tr\/wp-content\/post_image\/image002.png\" alt=\"Bizix Sosyal Medya Y\u00f6netimi\"\/><\/figure>\n\n\n\n<p><a href=\"\/\/www.instagram.com\/lacoste\/\" target=\"_blank\" rel=\"noreferrer noopener\">Lacoste<\/a>&nbsp;benzeri markalar ise farkl\u0131 bir\nyakla\u015f\u0131m benimsiyor.&nbsp;Lacoste \u00f6ncelikli olarak marka renklerini (beyaz ve\nye\u015fil) kullan\u0131r ve genellikle dilimlerindeki her \u00e7izgi g\u00f6rsel olarak benzer\nyaz\u0131lara sahiptir.<\/p>\n\n\n\n<figure class=\"wp-block-image\"><img decoding=\"async\" src=\"\/\/bizix.com.tr\/wp-content\/post_image\/image003.jpg\" alt=\"Bizix Sosyal Medya Y\u00f6netimi\"\/><\/figure>\n\n\n\n<p>\u00c7ekici bir Instagram profiline ba\u015fka bir \u00f6rnek ise giyim\nperakendecisi&nbsp;<a href=\"\/\/www.instagram.com\/madewell\/\" target=\"_blank\" rel=\"noreferrer noopener\">Madewell&#8217;den<\/a>&nbsp;geliyor. Payla\u015f\u0131mlar\u0131na g\u00f6z\natarken, belli bir titre\u015fim ortaya \u00e7\u0131kar: so\u011fuk, g\u00fcne\u015fli ve rahat.&nbsp;Bu\netkinin bir\u00e7o\u011fu, s\u0131cak mavi renkler ve parlak mavi g\u00f6ky\u00fcz\u00fc i\u00e7eren foto\u011fraflar\u0131n\nkullan\u0131lmas\u0131yla sa\u011flan\u0131r.<\/p>\n\n\n\n<figure class=\"wp-block-image\"><img decoding=\"async\" src=\"\/\/bizix.com.tr\/wp-content\/post_image\/image004.jpg\" alt=\"Bizix Sosyal Medya Y\u00f6netimi\"\/><\/figure>\n\n\n\n<p>Instagram takip\u00e7ilerinizi ger\u00e7ekten etkilemek istiyorsan\u0131z, Instagram\ntablolar\u0131n\u0131z\u0131,&nbsp;<a href=\"\/\/www.instagram.com\/lancomeofficial\/\" target=\"_blank\" rel=\"noreferrer noopener\">Lanc\u00f4me&#8217;in<\/a> Instagram\nhesaplar\u0131nda yapt\u0131\u011f\u0131 gibi karma\u015f\u0131k ve birbirine ba\u011fl\u0131 bir resim ve video\nkoleksiyonuna d\u00f6n\u00fc\u015ft\u00fcrebilirsiniz.<\/p>\n\n\n\n<p>Instagram g\u00f6rsel i\u00e7erik stiliniz&nbsp;markan\u0131z\u0131 yans\u0131tmal\u0131d\u0131r.&nbsp;\u0130\u015fletmeniz i\u00e7in do\u011fru stili olu\u015fturman\u0131za\nyard\u0131mc\u0131 olmak i\u00e7in a\u015fa\u011f\u0131daki sorular\u0131 yan\u0131tlay\u0131n:<\/p>\n\n\n\n<ul class=\"wp-block-list\"><li><strong>\u0130nsanlar\u0131n markan\u0131zla hangi\nrenkleri ili\u015fkilendirmelerini istiyorsunuz?<\/strong>&nbsp;Instagram\nrenklerinde a\u011f\u0131rl\u0131kl\u0131 olarak bu renkleri kullanmay\u0131 d\u00fc\u015f\u00fcnmelisiniz.<\/li><li><strong>Ne t\u00fcr i\u00e7erik yay\u0131nlamak istiyorsunuz?<\/strong>&nbsp;\u0130nsanlarla resimler ve videolar, y\u00fczlerin yak\u0131n \u00e7ekimleri,\n\u00fcr\u00fcnleriniz, manzara?&nbsp;Elbette, kendinizi bir t\u00fcr foto\u011fraf \u00e7izgisi ile\ns\u0131n\u0131rland\u0131rman\u0131z gerekmez, ancak yay\u0131nlamak istedi\u011finiz i\u00e7erik t\u00fcrleri hakk\u0131nda\ngenel bir fikir edinmenize yard\u0131mc\u0131 olur.<\/li><li><strong>Hangi filtreleri kullanacaks\u0131n\u0131z<\/strong>&nbsp;?&nbsp;Instagram&#8217;da tan\u0131nabilir bir tema geli\u015ftirmenin bir yolu, t\u00fcm\ni\u00e7eri\u011finiz i\u00e7in belirli bir filtre kullanmakt\u0131r.&nbsp;Bu, Instagram tarz\u0131 bir\nimza geli\u015ftirmenin en kolay yollar\u0131ndan biridir.<\/li><\/ul>\n\n\n\n<figure class=\"wp-block-image\"><img decoding=\"async\" src=\"\/\/bizix.com.tr\/wp-content\/post_image\/image005.jpg\" alt=\"Bizix Sosyal Medya Y\u00f6netimi\"\/><\/figure>\n\n\n\n<p><strong># 2: Instagram Pazarlama \u0130\u00e7eri\u011finizi Nas\u0131l\nPlanlars\u0131n\u0131z?<\/strong><\/p>\n\n\n\n<p>Instagram profilinizin g\u00f6rsel olarak ne ifade etmesini istedi\u011finizi\n\u00f6\u011frendikten sonra, i\u00e7eri\u011finizi planlamaya ba\u015flamaya haz\u0131rs\u0131n\u0131z.&nbsp;Farkl\u0131\ni\u00e7erik t\u00fcrlerini d\u00fc\u015f\u00fcnmeden \u00f6nce Instagram pazarlaman\u0131zla ne elde etmek\nistedi\u011finizi d\u00fc\u015f\u00fcn\u00fcn.&nbsp;Daha fazla&nbsp;sat\u0131\u015f&nbsp;yapmak ister misiniz?&nbsp;Daha fazla etkile\u015fim mi?&nbsp;Daha\nfazla takip\u00e7i mi?&nbsp;Hedeflerin belirlenmesi \u00f6nemlidir \u00e7\u00fcnk\u00fc Instagram&#8217;da\nyay\u0131nlad\u0131\u011f\u0131n\u0131z i\u00e7eri\u011fi y\u00f6nlendirecektir.<\/p>\n\n\n\n<p>Ayr\u0131ca Instagram&#8217;a ay\u0131rman\u0131z gereken s\u00fcreyi de hesaba kat\u0131n.<\/p>\n\n\n\n<p>K\u00fc\u00e7\u00fck bir i\u015fletme iseniz, sosyal medyan\u0131z\u0131 tam zamanl\u0131 olarak y\u00f6netecek\nbirisine sahip olmayabilirsiniz.&nbsp;Ayn\u0131 zamanda, muhtemelen Instagram&#8217;a ay\u0131racak\n\u00e7ok zaman\u0131n\u0131z da olmayacak (bu nedenle bu ilk planlaman\u0131n t\u00fcm\u00fc bu kadar\n\u00f6nemlidir).&nbsp;Instagram&#8217;a ne kadar zaman ay\u0131raca\u011f\u0131n\u0131zla ilgili kendinize\nkar\u015f\u0131 d\u00fcr\u00fcst olun, b\u00f6ylece her g\u00fcn ne kadar makul bir zaman dilimi ile ba\u015fa\n\u00e7\u0131kabilece\u011finizi bilirsiniz.<\/p>\n\n\n\n<p>Ayr\u0131ca, Instagram pazarlaman\u0131z i\u00e7in hangi kaynaklara sahip oldu\u011funuzu\nd\u00fc\u015f\u00fcn\u00fcn.&nbsp;Instagram i\u00e7eri\u011finize ne kadar yat\u0131r\u0131m yapabilirsiniz?<\/p>\n\n\n\n<p><strong>Instagram Yay\u0131nlama Takvimi Planlay\u0131n<\/strong><\/p>\n\n\n\n<p>\u015eimdi her g\u00fcn yay\u0131nlayaca\u011f\u0131n\u0131z i\u00e7eri\u011fin kar\u0131\u015f\u0131m\u0131n\u0131 (promosyon g\u00f6r\u00fcnt\u00fcleri,\nvideolar, hikayeler, foto\u011fraflar vb.) bir d\u00fc\u015f\u00fcn\u00fcn.&nbsp;Her zaman ayn\u0131 t\u00fcr\u00fc\nde\u011fil, de\u011fi\u015fik t\u00fcrden i\u00e7erikler yay\u0131nlayarak i\u015fleri ilgin\u00e7 hale getirin.<\/p>\n\n\n\n<figure class=\"wp-block-image\"><img decoding=\"async\" src=\"\/\/bizix.com.tr\/wp-content\/post_image\/image006.jpg\" alt=\"Bizix Sosyal Medya Y\u00f6netimi\"\/><\/figure>\n\n\n\n<p>\u0130ster k\u00fc\u00e7\u00fck i\u015fletme ister b\u00fcy\u00fck marka olun, i\u00e7eri\u011finizi planlamak i\u00e7in\nbir&nbsp;yay\u0131n takvimi&nbsp;kullanmak hedeflerinize ula\u015fman\u0131za yard\u0131mc\u0131 olacakt\u0131r.&nbsp;Ayr\u0131ca uzun\nvadede size zaman kazand\u0131racak ve daha iyi sonu\u00e7lar \u00fcretecektir.<\/p>\n\n\n\n<p>\u015eimdi, Instagram i\u00e7in olu\u015fturabilece\u011finiz farkl\u0131 i\u00e7erik t\u00fcrlerine bakal\u0131m.<\/p>\n\n\n\n<p>Yay\u0131nlar\u0131n\u0131zdaki istatistikleri ve realiteleri payla\u015fmak, kat\u0131l\u0131m ve\npayla\u015f\u0131m i\u00e7in m\u00fckemmeldir. \u00d6rnekte,&nbsp;<a href=\"\/\/www.instagram.com\/hubspot\/\" target=\"_blank\" rel=\"noreferrer noopener\">HubSpot&nbsp;<\/a>ara\u015ft\u0131rmalar\u0131ndan ilgili bir paket servisi olan bir grafi\u011fi payla\u015f\u0131yor.<\/p>\n\n\n\n<figure class=\"wp-block-image\"><img decoding=\"async\" src=\"\/\/bizix.com.tr\/wp-content\/post_image\/image007.png\" alt=\"Bizix Sosyal Medya Y\u00f6netimi\"\/><\/figure>\n\n\n\n<p>Hayvanlar, evcil hayvanlar, komik resimler ve benzeri yaz\u0131lar,\nizleyicilerinizin ilgisini \u00e7ekmek i\u00e7in de etkilidir.<\/p>\n\n\n\n<figure class=\"wp-block-image\"><img decoding=\"async\" src=\"\/\/bizix.com.tr\/wp-content\/post_image\/image008.png\" alt=\"Bizix Sosyal Medya Y\u00f6netimi\"\/><\/figure>\n\n\n\n<p>Ulusal bayramlar ve yenilik tatilleri, Instagram i\u00e7in i\u00e7erik ilham\nsa\u011flayabilir.&nbsp;<a href=\"\/\/www.instagram.com\/buffer\/\" target=\"_blank\" rel=\"noreferrer noopener\">Buffer&#8217;\u0131n&nbsp;<\/a>Gurur ay\u0131n\u0131\nkutlayan bu yaz\u0131s\u0131nda oldu\u011fu gibi, tatiller ve etkinlikler i\u00e7in temal\u0131\ni\u00e7erikler olu\u015fturun.<\/p>\n\n\n\n<figure class=\"wp-block-image\"><img decoding=\"async\" src=\"\/\/bizix.com.tr\/wp-content\/post_image\/image009.png\" alt=\"Bizix Sosyal Medya Y\u00f6netimi\"\/><\/figure>\n\n\n\n<p>E\u011fitici ipu\u00e7lar\u0131, tavsiyeler ve di\u011fer i\u00e7erikler izleyicilerinizle g\u00fcven\nolu\u015fturman\u0131za yard\u0131mc\u0131 olabilir. Bu HubSpot yaz\u0131s\u0131, Instagram&#8217;da neden\nhashtag&#8217;lerin bu kadar \u00f6nemli oldu\u011funu a\u00e7\u0131kl\u0131yor.<\/p>\n\n\n\n<figure class=\"wp-block-image\"><img decoding=\"async\" src=\"\/\/bizix.com.tr\/wp-content\/post_image\/image010.jpg\" alt=\"Bizix Sosyal Medya Y\u00f6netimi\"\/><\/figure>\n\n\n\n<p><a href=\"\/\/www.instagram.com\/dove\/\">&nbsp;Dove&#8217;dan<\/a> gelen motivasyon artt\u0131r\u0131c\u0131 ve ba\u015far\u0131\nal\u0131nt\u0131lar sosyal medyada pop\u00fclerdir, ayn\u0131 zamanda Instagram i\u00e7in \u00e7ok\nuygundurlar.&nbsp;\u0130yi taraf\u0131, olu\u015fturmas\u0131 kolay ve ucuz i\u00e7eriklerdir.<\/p>\n\n\n\n<figure class=\"wp-block-image\"><img decoding=\"async\" src=\"\/\/bizix.com.tr\/wp-content\/post_image\/image011.jpg\" alt=\"Bizix Sosyal Medya Y\u00f6netimi\"\/><\/figure>\n\n\n\n<p>Instagram, \u00fcr\u00fcnlerinizi vurgulaman\u0131z i\u00e7in de harika bir yer.&nbsp;Asl\u0131nda,\nen az bir i\u015fletmeyi takip eden&nbsp;Instagram hesaplar\u0131n\u0131n% 80&#8217;i&nbsp;marka ve \u00fcr\u00fcnlerin\npazarlanmas\u0131nda bu platformda olduk\u00e7a pop\u00fclerdir.<\/p>\n\n\n\n<p><a href=\"\/\/www.instagram.com\/gopro\/\" target=\"_blank\" rel=\"noreferrer noopener\">GoPro&#8217;nun<\/a>&nbsp;Instagram hesaplar\u0131nda s\u0131kl\u0131kla\nyapt\u0131\u011f\u0131 gibi, \u00fcr\u00fcn\u00fcn\u00fcz\u00fc i\u015flem halinde g\u00f6sterebilirsiniz.<\/p>\n\n\n\n<p>Veya&nbsp;<a href=\"\/\/www.instagram.com\/asos\/\" target=\"_blank\" rel=\"noreferrer noopener\">Asos&#8217;un<\/a>&nbsp;yapt\u0131\u011f\u0131 gibi \u00fcr\u00fcnlerinizden\nbirini vurgulay\u0131n.<\/p>\n\n\n\n<figure class=\"wp-block-image\"><img decoding=\"async\" src=\"\/\/bizix.com.tr\/wp-content\/post_image\/image012.png\" alt=\"Bizix Sosyal Medya Y\u00f6netimi\"\/><\/figure>\n\n\n\n<p><strong>Instagram \u0130\u00e7eri\u011finin Planlanmas\u0131na Yard\u0131mc\u0131 Olan\nAra\u00e7lar<\/strong><\/p>\n\n\n\n<p>Instagram i\u00e7eri\u011finizi planlaman\u0131n bir yolu, ba\u015fkalar\u0131yla kolayca i\u015fbirli\u011fi\nyapabilmeniz i\u00e7in basit bir excel tablosu veya daha da iyisi bir&nbsp;<a href=\"\/\/www.google.com\/sheets\/about\/\">Google\nSheet<\/a> kullanabilirsiniz&nbsp;.<\/p>\n\n\n\n<p>Y\u00f6netimin bir ba\u015fka yolu,&nbsp;<a href=\"\/\/trello.com\/\" target=\"_blank\" rel=\"noreferrer noopener\">Trello<\/a>&nbsp;gibi bir proje y\u00f6netimi ve ekip\ni\u015fbirli\u011fi arac\u0131 kullanmakt\u0131r (\u00fccretsiz ve \u00fccretli planlar mevcuttur).&nbsp;\u201cTrello\nsocial media calendar\u201d ibaresini aray\u0131n, amac\u0131n\u0131za uygun haz\u0131r birka\u00e7 \u015fablon\nbulacaks\u0131n\u0131z.<\/p>\n\n\n\n<p>Instagram yay\u0131nlar\u0131n\u0131 Trello ile programlayamazken, planlaman\u0131n ilk\na\u015famalar\u0131nda kullan\u0131\u015fl\u0131 bir ara\u00e7t\u0131r: ne t\u00fcr i\u00e7erik yay\u0131nlayaca\u011f\u0131n\u0131z\u0131\nbelirlemek, ne zaman yay\u0131nlayaca\u011f\u0131n\u0131za karar vermek, ekibinizin yay\u0131n\nfikirlerini kaydetmek vb.<\/p>\n\n\n\n<figure class=\"wp-block-image\"><img decoding=\"async\" src=\"\/\/bizix.com.tr\/wp-content\/post_image\/image013.jpg\" alt=\"Bizix Sosyal Medya Y\u00f6netimi\"\/><\/figure>\n\n\n\n<p><strong># 3: Instagram Pazarlama \u0130\u00e7eri\u011finizi Nas\u0131l\nOlu\u015fturursunuz<\/strong><\/p>\n\n\n\n<p>B\u00fcy\u00fck bir i\u015fletmeyseniz, bir ajans sizin i\u00e7in i\u00e7erik olu\u015fturmak i\u00e7in\ng\u00f6revlendirilebilir.&nbsp;Yada daha b\u00fcy\u00fck olas\u0131l\u0131kla, sadece sosyal medyaya\nodaklanan, strateji planlamas\u0131, yaratmas\u0131, yay\u0131nlamas\u0131, ilgisi veya \u00f6l\u00e7\u00fcm\u00fc gibi\ni\u015fleri y\u00fcr\u00fcten tam zamanl\u0131 \u00e7al\u0131\u015fanlar\u0131n\u0131z olmal\u0131d\u0131r.<\/p>\n\n\n\n<p>K\u00fc\u00e7\u00fck bir i\u015fletme iseniz, bu kaynaklar\u0131n t\u00fcm\u00fc emrinizde de\u011fil.&nbsp;Bu\nnedenle, k\u00fc\u00e7\u00fck i\u015fletmeler genellikle i\u00e7erik olu\u015fturmak i\u00e7in iki yakla\u015f\u0131mdan\nbirini se\u00e7er:<\/p>\n\n\n\n<ul class=\"wp-block-list\"><li>Zaman bulduk\u00e7a veya ilham geldik\u00e7e yeni i\u00e7erikler\nyay\u0131nlarlar.<\/li><li>\u0130\u00e7eri\u011fi \u00f6nceden haz\u0131rlarlar ve daima yeni i\u00e7erik g\u00f6ndermeye\n\u00e7al\u0131\u015f\u0131rlar.<\/li><\/ul>\n\n\n\n<p>K\u00fc\u00e7\u00fck bir i\u015fletme olarak her g\u00fcn haz\u0131rlanmak ve yeni i\u00e7erik haz\u0131rlamak\nkolay de\u011fildir.&nbsp;\u00c7o\u011funlukla m\u00fcsaitli\u011finize ve zaman\u0131n\u0131za g\u00fcveniyorsan\u0131z bunu\nyapmaya gayret edersiniz, muhtemelen Instagram&#8217;dan m\u00fcthi\u015f sonu\u00e7lar\nalamayacaks\u0131n\u0131z \u00e7\u00fcnk\u00fc:<\/p>\n\n\n\n<ul class=\"wp-block-list\"><li>Yeterli i\u00e7erik g\u00f6nderemezsiniz.<\/li><li>Instagram hedeflerinize ula\u015fman\u0131za yard\u0131mc\u0131 olacak\n\u015fekilde tasarlanm\u0131\u015f i\u00e7erik yay\u0131nlayamazs\u0131n\u0131z.<\/li><li>Yeterince insana ula\u015famaz ve yeterince ilgi g\u00f6steremezsiniz.<\/li><\/ul>\n\n\n\n<p>Ba\u015flang\u0131\u00e7ta daha fazla takip\u00e7i \u00e7ekmek istiyorsan\u0131z, ilham verici ve\nmotivasyonel al\u0131nt\u0131lar, sevimli evcil hayvan foto\u011fraflar\u0131 ve insanlar\u0131n\nInstagram&#8217;da sevdikleri benzer i\u00e7erik t\u00fcrleri gibi ilgi \u00e7ekici i\u00e7erikler\nyay\u0131nlamaya odaklanabilirsiniz.<\/p>\n\n\n\n<figure class=\"wp-block-image\"><img decoding=\"async\" src=\"\/\/bizix.com.tr\/wp-content\/post_image\/image014.png\" alt=\"Bizix Sosyal Medya Y\u00f6netimi\"\/><\/figure>\n\n\n\n<p>Zaten iyi bir Instagram kitleniz varsa ve sat\u0131\u015flar\u0131n\u0131z\u0131 art\u0131rmak\nistiyorsan\u0131z, \u00fcr\u00fcnlerinizi, hizmetlerinizi ve genel olarak i\u015finizi tan\u0131tmak\ni\u00e7in farkl\u0131 bir yakla\u015f\u0131ma ihtiyac\u0131n\u0131z olacak.<\/p>\n\n\n\n<p>Unutmay\u0131n: Instagram&#8217;dan m\u00fckemmel sonu\u00e7lar elde etmek ve hedeflerinize\nula\u015fmak i\u00e7in m\u00fcmk\u00fcn olan her \u015feyi yapt\u0131\u011f\u0131n\u0131zdan emin olmak istiyorsan\u0131z, bu\nbenim tavsiyem: d\u00fczenli olarak yeni fikirler i\u00e7in beyin f\u0131rt\u0131nas\u0131 yapmak,\nsosyal medya takviminize koymak ve i\u00e7erik olu\u015fturmak i\u00e7in zaman harcamak\ngerekir.<\/p>\n\n\n\n<p>Instagram i\u00e7eri\u011fi olu\u015ftururken ak\u0131lda tutulmas\u0131 gereken baz\u0131 \u00f6nemli uygulamalar:<\/p>\n\n\n\n<ul class=\"wp-block-list\"><li><strong>Hedeflerinizi daima akl\u0131n\u0131zda\ntutun<\/strong>.&nbsp;Ne zaman bir i\u00e7erik fikriyle kar\u015f\u0131la\u015ft\u0131ysan\u0131z,\nkendinize ne elde etmenize yard\u0131mc\u0131 olaca\u011f\u0131n\u0131 sorun.<\/li><li><strong>Y\u00fcksek kaliteli g\u00f6r\u00fcnt\u00fcleri,\nvideolar\u0131 ve sesleri kullan\u0131n<\/strong>.&nbsp;Haz\u0131r\nfoto\u011fraflar veya video klipler sat\u0131n almaya ya da kendiniz yaratmaya gayret\nedin (ak\u0131ll\u0131 telefonunuzda olsa bile), i\u00e7eri\u011finizin kaliteli g\u00f6r\u00fcnmesi gerekir.&nbsp;Olmazsa,\nher seferinde yeniden deneyin.<\/li><li><strong>\u0130\u00e7eri\u011fin platform i\u00e7in en uygun\nboyut oldu\u011fundan emin olun<\/strong>, \u00f6zellikle bir yard\u0131mc\u0131\nprogramlar kullanarak d\u00fczenliyorsan\u0131z.&nbsp;G\u00f6r\u00fcnt\u00fc ara\u00e7lar\u0131n\u0131n \u00e7o\u011fu, farkl\u0131\nt\u00fcrde Instagram yay\u0131nlar\u0131 dahil olmak \u00fczere farkl\u0131 boyutland\u0131rma se\u00e7enekleri\nsunar.<\/li><\/ul>\n\n\n\n<figure class=\"wp-block-image\"><img decoding=\"async\" src=\"\/\/bizix.com.tr\/wp-content\/post_image\/image015.jpg\" alt=\"Bizix Sosyal Medya Y\u00f6netimi\"\/><\/figure>\n\n\n\n<p>Kendi videolar\u0131n\u0131z\u0131 olu\u015fturmak istiyorsan\u0131z, birka\u00e7 farkl\u0131&nbsp;video ekipman\u0131na&nbsp;(hangisi uygunsa)\nyat\u0131r\u0131m yapmay\u0131 d\u00fc\u015f\u00fcn\u00fcn: (ak\u0131ll\u0131 telefon) kameran\u0131z i\u00e7in bir tripod, bir\nayd\u0131nlatma kiti ve bir mikrofon.<\/p>\n\n\n\n<p><strong>Instagram \u0130\u00e7eri\u011fi Olu\u015fturmaya Yard\u0131mc\u0131 Olacak Ara\u00e7lar<\/strong><\/p>\n\n\n\n<p>Instagram yay\u0131nlar\u0131n\u0131zda kullanmak \u00fczere kaliteli&nbsp;haz\u0131r foto\u011fraflar ve video klipler&nbsp;alabilece\u011finiz \u00e7evrimi\u00e7i \u00fccretsiz ve \u00fccretli kaynaklar vard\u0131r.&nbsp;\u0130\u015fte birka\u00e7\ndenemek isteyebilece\u011finiz \u00f6rnek:<\/p>\n\n\n\n<ul class=\"wp-block-list\"><li>Bedava foto\u011fraflar:&nbsp;<a href=\"\/\/unsplash.com\/\" target=\"_blank\" rel=\"noreferrer noopener\">Unsplash<\/a>&nbsp;,&nbsp;<a href=\"\/\/www.pexels.com\/\" target=\"_blank\" rel=\"noreferrer noopener\">Pexels<\/a>&nbsp;ve&nbsp;<a href=\"\/\/pixabay.com\/\" target=\"_blank\" rel=\"noreferrer noopener\">Pixabay<\/a><\/li><li>\u00dccretli foto\u011fraflar ve video klipler:&nbsp;<a href=\"\/\/www.shutterstock.com\/\" target=\"_blank\" rel=\"noreferrer noopener\">Shutterstock<\/a>&nbsp;and&nbsp;<a href=\"\/\/www.gettyimages.com\/\" target=\"_blank\" rel=\"noreferrer noopener\">Getty\nImages<\/a><\/li><\/ul>\n\n\n\n<figure class=\"wp-block-image\"><img decoding=\"async\" src=\"\/\/bizix.com.tr\/wp-content\/post_image\/image016.jpg\" alt=\"Bizix Sosyal Medya Y\u00f6netimi\"\/><\/figure>\n\n\n\n<p>Sosyal medya imgeleri yaratmaya gelince,&nbsp;<a href=\"\/\/www.canva.com\/\" target=\"_blank\" rel=\"noreferrer noopener\">Canva<\/a>&nbsp;(\u00fccretsiz\nve \u00fccretl) en pop\u00fcler ara\u00e7lardan biridir.&nbsp;\u00dccretsiz plan, bir dizi faydal\u0131\n\u00f6zellik sunar ve size bir\u00e7ok \u015fablona eri\u015fmenizi sa\u011flar.<\/p>\n\n\n\n<p>S\u00fcr\u00fckle ve b\u0131rak edit\u00f6r\u00fc kullan\u0131m\u0131 sezgiseldir ve \u00fccretsiz ve \u00fccretli\ng\u00f6r\u00fcnt\u00fclere do\u011frudan edit\u00f6rden eri\u015filebilir.&nbsp;Canva ilham verici ve\nmotivasyonel g\u00f6r\u00fcnt\u00fcler olu\u015fturmak, yaz\u0131lar\u0131n\u0131za filigran eklemek, g\u00f6r\u00fcnt\u00fclere\nve di\u011fer metinlere harekete ge\u00e7irmek (CTA&#8217;lar eklemek) ve yaz\u0131lar\u0131n\u0131z\u0131n her\nt\u00fcrl\u00fc filtre ve d\u00fczenleme \u00f6zelli\u011fiyle daha iyi g\u00f6r\u00fcnmesini sa\u011flamak i\u00e7in\nkullan\u0131\u015fl\u0131d\u0131r.<\/p>\n\n\n\n<p>\u00dccretli planlardan birini se\u00e7erseniz, i\u00e7erik kaydederken \u015fablonlar\u0131\nkaydedebilir ve di\u011fer ekip \u00fcyeleriyle i\u015f birli\u011fi yapabilirsiniz.<\/p>\n\n\n\n<figure class=\"wp-block-image\"><img decoding=\"async\" src=\"\/\/bizix.com.tr\/wp-content\/post_image\/image017.jpg\" alt=\"Bizix Sosyal Medya Y\u00f6netimi\"\/><\/figure>\n\n\n\n<p><strong># 4: Instagram Pazarlama \u0130\u00e7eri\u011finizi Nas\u0131l\nProgramlayabilirsiniz?<\/strong><\/p>\n\n\n\n<p>\u0130\u00e7eri\u011finizi olu\u015fturduktan sonra, d\u00fczenli olarak yeni i\u00e7erik\ng\u00f6nderdi\u011finizden emin olmak i\u00e7in Instagram yay\u0131nlar\u0131n\u0131z\u0131 planlay\u0131n.<\/p>\n\n\n\n<p>Instagram da dahil olmak \u00fczere sosyal medyada yay\u0131nlanacak en iyi zamanlar\nhakk\u0131nda bir\u00e7ok \u00e7al\u0131\u015fma bulacaks\u0131n\u0131z.&nbsp;Ancak ger\u00e7ek \u015fu ki, g\u00f6ndermeniz i\u00e7in\nen uygun zaman izleyicinize ba\u011fl\u0131d\u0131r. Instagram&#8217;da hangi zamanlar\u0131n en iyi\n\u015fekilde \u00e7al\u0131\u015ft\u0131\u011f\u0131n\u0131 bulman\u0131n en iyi yolu, yay\u0131nlamaya ba\u015flamak ve sonu\u00e7lar\u0131n\u0131z\u0131\ndikkatlice izlemektir.&nbsp;En iyi sonu\u00e7lar\u0131 ald\u0131\u011f\u0131n\u0131z g\u00fcnleri ve saatleri\naray\u0131n.<\/p>\n\n\n\n<p>Neyse ki, Instagram art\u0131k&nbsp;\u00fc\u00e7\u00fcnc\u00fc parti uygulamalar\u0131n\u0131n i\u00e7erik&nbsp;, resim, video ve\nGIF&nbsp;i\u00e7eri\u011fini zamanlamas\u0131na&nbsp;izin veriyor.&nbsp;Birka\u00e7 b\u00fcy\u00fck sosyal a\u011f kullan\u0131yorsan\u0131z,&nbsp;<a href=\"\/\/www.socialpilot.co\/\" target=\"_blank\" rel=\"noreferrer noopener\">SocialPilot<\/a>&nbsp;gibi\nbir ara\u00e7&nbsp;\u00f6neririm&nbsp;(planlar 30 g\u00fcnl\u00fck, 14 g\u00fcnl\u00fck \u00fccretsiz deneme&nbsp;s\u00fcr\u00fcm\u00fcyle&nbsp;ba\u015flar); bu,\nt\u00fcm hesaplar\u0131n\u0131z\u0131 tek bir yerden y\u00f6netmenize olanak tan\u0131r.&nbsp;K\u00fc\u00e7\u00fck\ni\u015fletmeler i\u00e7in faydal\u0131 ve uygun maliyetlidir, \u00e7\u00fcnk\u00fc birden fazla ara\u00e7 i\u00e7in\n\u00f6deme yapmak zorunda kalmazs\u0131n\u0131z (ve bir ara\u00e7tan di\u011ferine ge\u00e7erek zaman\nkaybetmezsiniz).<\/p>\n\n\n\n<p>SocialPilot, sosyal medya yay\u0131nlar\u0131n\u0131z\u0131 planlaman\u0131za izin verir ve\nInstagrammers i\u00e7in kullan\u0131\u015fl\u0131 olabilecek birka\u00e7 ekstra \u00f6zellik sunar:<\/p>\n\n\n\n<ul class=\"wp-block-list\"><li>Instagram hesab\u0131n\u0131z\u0131 payla\u015fmak i\u00e7in kendi yerel\nk\u00fct\u00fcphanelerinden \u00fccretsiz g\u00f6r\u00fcnt\u00fcler bulabilirsiniz.<\/li><li>Instagram yay\u0131nlar\u0131n\u0131z\u0131 filtreler, efektler, metinler\nve di\u011fer d\u00fczenleme se\u00e7enekleriyle ki\u015fiselle\u015ftirebilirsiniz.<\/li><li>Resimlerinizi filigranlayabilirsiniz.<\/li><li>\u0130\u00e7erik stratejinizi planlamak ve y\u00fcr\u00fctmek i\u00e7in ekip\n\u00fcyeleriyle i\u015fbirli\u011fi yapabilirsiniz.<\/li><\/ul>\n\n\n\n<figure class=\"wp-block-image\"><img decoding=\"async\" src=\"\/\/bizix.com.tr\/wp-content\/post_image\/image018.jpg\" alt=\"Bizix Sosyal Medya Y\u00f6netimi\"\/><\/figure>\n\n\n\n<p><strong># 5: Instagram Pazarlama \u0130\u00e7eri\u011finizi Optimize Etme<\/strong><\/p>\n\n\n\n<p>Yay\u0131nlanacak iyi bir zamanlamaya ve harika i\u00e7eri\u011fe sahip oldu\u011funuzda,\nInstagram&#8217;daki sonu\u00e7lar\u0131n\u0131z\u0131 nas\u0131l daha da iyile\u015ftirirsiniz?&nbsp;\u0130\u015fte,\neri\u015fiminizi ve etkile\u015fimi art\u0131rman\u0131n ve takiplerinizi geli\u015ftirmenin baz\u0131\nyollar\u0131.<\/p>\n\n\n\n<p><strong>Alakal\u0131 Hashtag Ekle<\/strong><\/p>\n\n\n\n<p>Hashtag&#8217;ler&nbsp;Instagram&#8217;\u0131n\n\u00e7ok \u00f6nemli bir par\u00e7as\u0131d\u0131r.&nbsp;Do\u011fru etiketler (ve do\u011fru say\u0131da etiket), daha\ngeni\u015f bir kitleye ula\u015fman\u0131za ve daha fazla takip\u00e7i \u00e7ekmenize yard\u0131mc\u0131 olabilir.<\/p>\n\n\n\n<p>\u00c7ok fazla tan\u0131nan b\u00fcy\u00fck bir markaysan\u0131z, her zaman hashtag kullanman\u0131z\ngerekmeyebilir.&nbsp;Ancak, k\u00fc\u00e7\u00fck veya orta \u00f6l\u00e7ekli bir i\u015fletme iseniz,\netiketlere \u00e7ok dikkat etti\u011finizden ve t\u00fcm yay\u0131nlar\u0131n\u0131zda en az birini\nkulland\u0131\u011f\u0131n\u0131zdan emin olun.&nbsp;Aksi takdirde, daha fazla insana ula\u015fma\nf\u0131rsat\u0131n\u0131 kaybedersiniz.<\/p>\n\n\n\n<p>Instagram&#8217;da hashtag kullanmak i\u00e7in en iyi uygulamalar\u0131 payla\u015fmadan \u00f6nce,\nfarkl\u0131 Instagram hashtag&#8217;lerine bakal\u0131m.<\/p>\n\n\n\n<p><strong>Markal\u0131 etiketler<\/strong>&nbsp;: Bunlar,\nmarkan\u0131za \u00f6zg\u00fc ve olu\u015fturdu\u011funuz etiketlerdir.&nbsp;Onlar\u0131 markan\u0131z\u0131\ngeli\u015ftirmek ve&nbsp;kullan\u0131c\u0131 taraf\u0131ndan olu\u015fturulan\ni\u00e7eri\u011fi&nbsp;te\u015fvik etmek i\u00e7in kullanabilirsiniz.&nbsp;Markal\u0131 bir\netiket yarat\u0131rsan\u0131z, k\u0131sa, \u00f6zl\u00fc, yazmas\u0131 ve hat\u0131rlamas\u0131 kolay oldu\u011fundan emin\nolun.&nbsp;<a href=\"\/\/www.instagram.com\/adobe\/\" target=\"_blank\" rel=\"noreferrer noopener\">Adobe<\/a>&nbsp;, profilinde marka hashtaglerini\nnas\u0131l kulland\u0131\u011f\u0131n\u0131 \u015f\u00f6yle a\u00e7\u0131kl\u0131yor:<\/p>\n\n\n\n<figure class=\"wp-block-image\"><img decoding=\"async\" src=\"\/\/bizix.com.tr\/wp-content\/post_image\/image019.jpg\" alt=\"Bizix Sosyal Medya Y\u00f6netimi\"\/><\/figure>\n\n\n\n<p><strong>End\u00fcstri hashtagleri<\/strong>&nbsp;:\nBunlar&nbsp;<a href=\"\/\/www.instagram.com\/explore\/tags\/photographer\/\" target=\"_blank\" rel=\"noreferrer noopener\">#photographer<\/a>&nbsp;gibi\nbelirli bir sekt\u00f6rle alakal\u0131 hashtaglerdir.&nbsp;Bu t\u00fcr hashtagler olduk\u00e7a\npop\u00fclerdir ve on milyonlarca kanala sahiptir.<\/p>\n\n\n\n<p><strong>Ni\u015f hashtagleri<\/strong>&nbsp;:\n#photographer bir end\u00fcstri hashtagiyse,&nbsp;<a href=\"\/\/www.instagram.com\/explore\/tags\/foodphotographer\/\" target=\"_blank\" rel=\"noreferrer noopener\">#foodphotographer<\/a>&nbsp;gibi bir hashtag bir\nni\u015f hashtag olur.<\/p>\n\n\n\n<figure class=\"wp-block-image\"><img decoding=\"async\" src=\"\/\/bizix.com.tr\/wp-content\/post_image\/image020.png\" alt=\"Bizix Sosyal Medya Y\u00f6netimi\"\/><\/figure>\n\n\n\n<p><strong>Konum etiketleri<\/strong>&nbsp;: Bu\netiketler, belirli yerlerde faaliyet g\u00f6steren i\u015fletmeler i\u00e7in \u00e7ok pratik\nolabilir.#Antalya veya #muratpasa gibi yer hashtaglerini kullanarak daha geni\u015f\nbir kitleye gidebilir ya da belirli mahalleler ve topluluklar i\u00e7in\nhashtag&#8217;lerle daha fazla ni\u015f ya\u015fayabilirsiniz.<a href=\"\/\/www.instagram.com\/explore\/tags\/guzeloba\/\" target=\"_blank\" rel=\"noreferrer noopener\">#guzeloba<\/a>&nbsp;gibi konum ve ni\u015f\nkombinasyonlar\u0131n\u0131 bile deneyebilirsiniz.<\/p>\n\n\n\n<p><strong>Etkinlik etiketleri<\/strong>&nbsp;: Ne zaman\nyeterince b\u00fcy\u00fck bir etkinlik&nbsp;olursa&nbsp;, Kad\u0131nlar D\u00fcnya Kupas\u0131 i\u00e7in&nbsp;<a href=\"\/\/www.instagram.com\/explore\/tags\/fifawwc\/\" target=\"_blank\" rel=\"noreferrer noopener\">#fifawwc<\/a>&nbsp;gibi genellikle arkas\u0131nda\nbir&nbsp;etiket bulunur.<\/p>\n\n\n\n<p><strong>Tatil hashtagleri<\/strong>&nbsp;: Tatillerin\n\u00e7o\u011fu, Ramazan Bayram\u0131 gibi ulusal tatillerden, ulusal bayram g\u00fcn\u00fc gibi yenilik\ntatillerine kadar kendi etiketlerine&nbsp;sahiptir&nbsp;.<\/p>\n\n\n\n<figure class=\"wp-block-image\"><img decoding=\"async\" src=\"\/\/bizix.com.tr\/wp-content\/post_image\/image021.png\" alt=\"Bizix Sosyal Medya Y\u00f6netimi\"\/><\/figure>\n\n\n\n<p>\u0130deal olarak, m\u00fcmk\u00fcn oldu\u011funca bu farkl\u0131 hashtag t\u00fcrlerinden \u00e7o\u011funu\nkullanmal\u0131s\u0131n\u0131z.&nbsp;Ayr\u0131ca, sonu\u00e7lar\u0131n\u0131z\u0131 nas\u0131l etkilediklerini g\u00f6rmek i\u00e7in\ns\u00fcrekli olarak farkl\u0131 etiketlerle denemeler yap\u0131n.<\/p>\n\n\n\n<p>Art\u0131k hangi hashtag t\u00fcrlerini kullanabilece\u011finizi bildi\u011finize g\u00f6re,\nInstagram&#8217;da hashtag kullanmak i\u00e7in en iyi y\u00f6ntemler:<\/p>\n\n\n\n<ul class=\"wp-block-list\"><li><strong>Her zaman hashtag kullan\u0131n<\/strong>.&nbsp;30 hashtag&#8217;a kadar kullanabilirsiniz, ancak bu iyi bir uygulama\nanlam\u0131na gelmez (daha fazla insana ula\u015fabilece\u011finiz anlam\u0131na gelse bile).&nbsp;Ara\u015ft\u0131rmalar\nhashtag kullan\u0131m\u0131 ve etkile\u015fimi ile ilgili \u00e7eli\u015fkili veriler g\u00f6stermektedir, bu\nnedenle farkl\u0131 say\u0131larda hashtag ile denemeler yap\u0131n ve sonu\u00e7lar\u0131n\u0131z\u0131 nas\u0131l\netkiledi\u011fini g\u00f6r\u00fcn.<\/li><li><strong>Kullanmadan \u00f6nce hashtag&#8217;leri\nara\u015ft\u0131r\u0131n<\/strong>.&nbsp;Ne kadar ve ne t\u00fcr yay\u0131n oldu\u011funu g\u00f6rmek i\u00e7in\nhashtag&#8217;leri h\u0131zl\u0131ca aray\u0131n.&nbsp;\u00c7ok fazla yay\u0131n, i\u00e7eri\u011finizin g\u00fcncellemeler\ndenizinde kaybolmas\u0131 anlam\u0131na gelebilir.<\/li><li><strong>Kolay eri\u015fim i\u00e7in ilgili\netiketleri bir belgeye kaydedin<\/strong>.&nbsp;Ard\u0131ndan\nbir yay\u0131n olu\u015fturdu\u011funuzda, s\u00f6z konusu i\u00e7erik i\u00e7in en iyi etiketlerin \u00fczerine\nkopyalay\u0131n.<\/li><li><strong>Pop\u00fcler etiketlerin \u00f6tesine\nge\u00e7in<\/strong>.&nbsp;Sadece s\u00fcper pop\u00fcler hashtag&#8217;leri kullanmak\ncazip gelebilir, ancak ger\u00e7ek \u015fu ki, sizinki kaybolacak kadar fazla i\u00e7erik var.&nbsp;Farkl\u0131\nhashtag t\u00fcrlerinin bir kar\u0131\u015f\u0131m\u0131n\u0131 kullan\u0131n: pop\u00fcler hashtag&#8217;ler, ni\u015f\nhashtag&#8217;ler, konum hashtag&#8217;leri vb.<\/li><\/ul>\n\n\n\n<p><strong>Instagram Hashtaglerini Bulmak ve Kullanmak i\u00e7in\nAra\u00e7lar<\/strong><\/p>\n\n\n\n<p><a href=\"\/\/all-hashtag.com\/\">All Hashtag<\/a> Hashtaglar\u0131, tan\u0131mlamak, olu\u015fturmak ve analiz etmek i\u00e7in bir ara\u00e7t\u0131r.&nbsp;\u00dccretsiz\nolarak kullanmaya ba\u015flamak i\u00e7in, bir hashtag \/ anahtar kelime yaz\u0131n ve Top\n(yaln\u0131zca en pop\u00fcler ilgili hashtag&#8217;ler), Rastgele veya Live hashtag&#8217;leri mi\naramak istedi\u011finizi belirtin.<\/p>\n\n\n\n<figure class=\"wp-block-image\"><img decoding=\"async\" src=\"\/\/bizix.com.tr\/wp-content\/post_image\/image022.jpg\" alt=\"Bizix Sosyal Medya Y\u00f6netimi\"\/><\/figure>\n\n\n\n<p>Arama sonu\u00e7lar\u0131n\u0131z, g\u00f6z \u00f6n\u00fcnde bulundurulmas\u0131 gereken benzer etiketler de\ndahil olmak \u00fczere d\u00fczinelerce (baz\u0131 durumlarda y\u00fczlerce, hatta) hashtag\ni\u00e7erecektir.&nbsp;Bu hashtag gruplar\u0131n\u0131 daha sonra kullanmak \u00fczere saklamak\ni\u00e7in tek bir t\u0131klamayla kopyalayabilirsiniz (veya do\u011frudan g\u00fcncellemelerinizden\nbirine ekleyin).<\/p>\n\n\n\n<figure class=\"wp-block-image\"><img decoding=\"async\" src=\"\/\/bizix.com.tr\/wp-content\/post_image\/image023.jpg\" alt=\"Bizix Sosyal Medya Y\u00f6netimi\"\/><\/figure>\n\n\n\n<p><a href=\"\/\/keyhole.co\/\" target=\"_blank\" rel=\"noreferrer noopener\">Keyhole<\/a>&nbsp;(\u00fccretsiz\ndeneme s\u00fcr\u00fcm\u00fc var) Instagram da dahil olmak \u00fczere birden fazla sosyal\nplatformla \u00e7al\u0131\u015fan bir etiket, \u00e7evrimi\u00e7i izleme ve analiz arac\u0131d\u0131r.&nbsp;Bir\n\u00f6zelli\u011fi ise ger\u00e7ek zamanl\u0131 olarak bir hashtag izlemenizi sa\u011flar.<\/p>\n\n\n\n<p>Bu etiketleri kullanarak en pop\u00fcler g\u00f6nderileri g\u00f6stermenin yan\u0131 s\u0131ra, bu\netiket i\u00e7in zaman i\u00e7inde kullan\u0131m\u0131 analiz eder, g\u00fcncellemelerin ard\u0131ndaki\nduyguyu g\u00f6sterir, bu etiketi kullanarak en iyi etkileyicileri ortaya \u00e7\u0131kar\u0131r ve\ndi\u011fer trend konular\u0131n\u0131 g\u00f6r\u00fcnt\u00fcler.<\/p>\n\n\n\n<figure class=\"wp-block-image\"><img decoding=\"async\" src=\"\/\/bizix.com.tr\/wp-content\/post_image\/image024.jpg\" alt=\"Bizix Sosyal Medya Y\u00f6netimi\"\/><\/figure>\n\n\n\n<p>Keyhole&#8217;u kendi Instagram hesab\u0131n\u0131z\u0131n ve hashtag&#8217;lerin performans\u0131n\u0131 takip\netmek i\u00e7in de kullanabilirsiniz.<\/p>\n\n\n\n<figure class=\"wp-block-image\"><img decoding=\"async\" src=\"\/\/bizix.com.tr\/wp-content\/post_image\/image025.jpg\" alt=\"Bizix Sosyal Medya Y\u00f6netimi\"\/><\/figure>\n\n\n\n<p>Bir bonus olarak, hashtag stratejilerinin nas\u0131l geli\u015fti\u011fini ve onlardan ne\n\u00f6\u011frenebilece\u011finizi g\u00f6rmek i\u00e7in rakiplerinizi takip edebilirsiniz.<\/p>\n\n\n\n<p><strong>\u0130\u00e7eri\u011finiz i\u00e7in En Uygun Ba\u015fl\u0131k Uzunlu\u011funu kullan\u0131n<\/strong><\/p>\n\n\n\n<p>Instagram i\u00e7eri\u011finizin a\u00e7\u0131klma b\u00f6l\u00fcm\u00fc&nbsp;uzunlu\u011fu, k\u0131smen yay\u0131nlad\u0131\u011f\u0131n\u0131z i\u00e7eri\u011fin t\u00fcr\u00fcne ba\u011fl\u0131 olacakt\u0131r.<\/p>\n\n\n\n<p>Bio&#8217;nuzdaki web linkini tan\u0131tmak ve trafi\u011fe y\u00f6nlendirmek istiyorsan\u0131z,\nba\u015fl\u0131\u011f\u0131n\u0131z\u0131 k\u0131sa ve basit tutmak en iyisidir, b\u00f6ylece insanlar birka\u00e7 paragraf\nokumak zorunda kalmadan amac\u0131n\u0131z\u0131 g\u00f6rebilirler.<\/p>\n\n\n\n<p>\u00d6te yandan, bir hikayeyi e\u011fitmek veya anlatmak istiyorsan\u0131z, bu\nyaz\u0131da&nbsp;<a href=\"\/\/www.instagram.com\/ted\/\" target=\"_blank\" rel=\"noreferrer noopener\">TED Talks&#8217;in<\/a>&nbsp;yapt\u0131\u011f\u0131 gibi daha uzun bir\nba\u015fl\u0131k kullan\u0131n.<\/p>\n\n\n\n<figure class=\"wp-block-image\"><img decoding=\"async\" src=\"\/\/bizix.com.tr\/wp-content\/post_image\/image026.png\" alt=\"Bizix Sosyal Medya Y\u00f6netimi\"\/><\/figure>\n\n\n\n<p>Baz\u0131 yay\u0131nlar, birisinin sadece e\u011flence ve ilgi \u00e7ekici ama\u00e7larla getirdi\u011fi\nbir Labradoodle foto\u011fraf\u0131 gibi bir CTA (call to action) &nbsp;gerektirmez.&nbsp;Ancak, genel olarak, m\u00fcmk\u00fcn\noldu\u011funda CTA eklemeniz gerekir, aksi takdirde insanlar\u0131n kendilerine\nistedi\u011finiz i\u015flemi yapmalar\u0131n\u0131 sa\u011flayamazs\u0131n\u0131z.<\/p>\n\n\n\n<p>CTA ekleyebilece\u011finiz birka\u00e7 yer var: resim yaz\u0131n\u0131z, g\u00f6r\u00fcnt\u00fcn\u00fcz ve bio.&nbsp;\u0130nsanlar\u0131n\nyapmas\u0131n\u0131 istedi\u011finiz her t\u00fcrl\u00fc eylemi (bir web sayfas\u0131n\u0131 ziyaret edin, bir\n\u015feyler sat\u0131n al\u0131n, yorum b\u0131rak\u0131n, vb.), a\u00e7\u0131klaman\u0131z\u0131 ve i\u00e7eri\u011finizde\nnetle\u015ftirin.<\/p>\n\n\n\n<p><strong>Sonu\u00e7<\/strong><\/p>\n\n\n\n<p>En iyi markalar\u0131n ad\u0131 tan\u0131nmadan k\u00fc\u00e7\u00fck bir i\u015fletme oldu\u011funuzda, sosyal\nmedyadan sonu\u00e7 almak zor olabilir ve Instagram farkl\u0131 de\u011fildir.<\/p>\n\n\n\n<p>Bu k\u0131lavuzda ele ald\u0131klar\u0131m\u0131z\u0131n \u00e7o\u011fu, a\u015fa\u011f\u0131dakiler dahil daha fazla\nInstagram takip\u00e7isi ve ilgisini \u00e7ekmeye yard\u0131mc\u0131 olan i\u00e7erik olu\u015fturman\u0131za ve\npayla\u015fman\u0131za yard\u0131mc\u0131 olacakt\u0131r:<\/p>\n\n\n\n<ul class=\"wp-block-list\"><li>Tutarl\u0131 bir kay\u0131t takvimi kullanma<\/li><li>Her g\u00fcn \u00e7e\u015fitli i\u00e7erik t\u00fcrleri yay\u0131nlamak<\/li><li>Do\u011fru karma etiketlerin kar\u0131\u015f\u0131m\u0131ndan yararlanma<\/li><\/ul>\n\n\n\n<p>Instagram kesinlikle spam olabilir (sahte takip\u00e7ilerinin, sahte hesaplar\u0131n\nve benzerlerinin pay\u0131yla), arkada\u015flar\u0131ndan, etkileyicilerinden ve evet, hatta\nmarkalardan bile yeni i\u00e7erikler g\u00f6rmek i\u00e7in her g\u00fcn giri\u015f yapan bir\u00e7ok ger\u00e7ek\nkullan\u0131c\u0131 var.&nbsp;Ve baz\u0131lar\u0131n\u0131n dikkatini harika i\u00e7erik ve do\u011fru etiketlerle\nbirlikte yakalayabilseniz de takip ve kat\u0131l\u0131m\u0131n\u0131z\u0131 b\u00fcy\u00fctmenin bir ba\u015fka yolu da\nkullan\u0131c\u0131larla ileti\u015fim kurmakt\u0131r.<\/p>\n\n\n\n<p>Instagram etkile\u015fimi i\u00e7in baz\u0131 en iyi y\u00f6ntemler \u015funlard\u0131r:<\/p>\n\n\n\n<ul class=\"wp-block-list\"><li>\u0130nsanlar\u0131 i\u00e7eri\u011finizle etkile\u015fime girmeye ve yorum\nb\u0131rakmaya te\u015fvik etmek i\u00e7in yay\u0131nlar\u0131n\u0131zdaki ve ba\u015fl\u0131klar\u0131n\u0131zdaki CTA&#8217;lar\u0131\nkullan\u0131n.<\/li><li>Her g\u00fcn yay\u0131nlar\u0131 be\u011fenerek, hikayeleri ve videolar\u0131\nizleyerek ve takip\u00e7ilerinizle, ni\u015finizdeki ilgili etkileyicileriyle vb.\n\u0130lgilenerek zaman ge\u00e7irin.<\/li><li>Markan\u0131zla ilgilenebilecek ve onlarla etkile\u015fime\ngirebilecek yeni kullan\u0131c\u0131lar\u0131 d\u00fczenli olarak aray\u0131n.<\/li><\/ul>\n\n\n\n<p><strong>Ne d\u00fc\u015f\u00fcn\u00fcyorsun?<\/strong>&nbsp;<strong>\u0130\u015fletmeniz i\u00e7in bir Instagram i\u00e7erik plan\u0131 olu\u015fturacak m\u0131s\u0131n\u0131z?<\/strong>&nbsp;<strong>Sunacak herhangi bir i\u00e7erik olu\u015fturma ipucunuz var m\u0131?<\/strong>&nbsp;D\u00fc\u015f\u00fcncelerinizi a\u015fa\u011f\u0131daki yorumlarda payla\u015f\u0131n. Yada <a href=\"\/en\/sosyal-medya\/\">Bizix Sosyal Medya Y\u00f6netimi<\/a> sizin i\u00e7in bir \u00e7\u00f6z\u00fcm olabilir!<\/p>","protected":false},"excerpt":{"rendered":"<p>Organik Instagram takip\u00e7i say\u0131n\u0131z\u0131 artt\u0131rmak ister misiniz? Instagram i\u00e7erik pazarlama rehberi mi ar\u0131yorsunuz? Bu makalede, i\u015fletmeniz i\u00e7in Instagram i\u00e7erik plan\u0131 n\u0131 nas\u0131l haz\u0131rlayaca\u011f\u0131n\u0131z, yarataca\u011f\u0131n\u0131z\u0131 ve optimize edece\u011finizi \u00f6\u011freneceksiniz. # 1: Instagram Profiliniz \u0130\u00e7in \u0130\u00e7erik Temas\u0131 Nas\u0131l Kurulur? Ba\u015far\u0131l\u0131 bir Instagram hesab\u0131 a\u00e7man\u0131n ilk ad\u0131m\u0131 i\u00e7eri\u011finizi planlamakt\u0131r. Instagram g\u00f6rsel bir platform oldu\u011fundan, i\u015fletme profilinizin g\u00f6r\u00fcn\u00fcm ve [&hellip;]<\/p>\n","protected":false},"author":2,"featured_media":11402,"comment_status":"open","ping_status":"closed","sticky":false,"template":"","format":"standard","meta":{"_joinchat":[],"footnotes":""},"categories":[57],"tags":[112,113],"class_list":["post-10568","post","type-post","status-publish","format-standard","has-post-thumbnail","hentry","category-marketing","tag-instagram-icerik-plani-olusturmak","tag-instagram-isletme-sayfasi"],"_links":{"self":[{"href":"https:\/\/bizix.com.tr\/en\/wp-json\/wp\/v2\/posts\/10568","targetHints":{"allow":["GET"]}}],"collection":[{"href":"https:\/\/bizix.com.tr\/en\/wp-json\/wp\/v2\/posts"}],"about":[{"href":"https:\/\/bizix.com.tr\/en\/wp-json\/wp\/v2\/types\/post"}],"author":[{"embeddable":true,"href":"https:\/\/bizix.com.tr\/en\/wp-json\/wp\/v2\/users\/2"}],"replies":[{"embeddable":true,"href":"https:\/\/bizix.com.tr\/en\/wp-json\/wp\/v2\/comments?post=10568"}],"version-history":[{"count":0,"href":"https:\/\/bizix.com.tr\/en\/wp-json\/wp\/v2\/posts\/10568\/revisions"}],"wp:featuredmedia":[{"embeddable":true,"href":"https:\/\/bizix.com.tr\/en\/wp-json\/wp\/v2\/media\/11402"}],"wp:attachment":[{"href":"https:\/\/bizix.com.tr\/en\/wp-json\/wp\/v2\/media?parent=10568"}],"wp:term":[{"taxonomy":"category","embeddable":true,"href":"https:\/\/bizix.com.tr\/en\/wp-json\/wp\/v2\/categories?post=10568"},{"taxonomy":"post_tag","embeddable":true,"href":"https:\/\/bizix.com.tr\/en\/wp-json\/wp\/v2\/tags?post=10568"}],"curies":[{"name":"wp","href":"https:\/\/api.w.org\/{rel}","templated":true}]}}