{"id":17173,"date":"2023-12-12T08:51:23","date_gmt":"2023-12-12T05:51:23","guid":{"rendered":"https:\/\/bizix.com.tr\/?p=17173"},"modified":"2024-03-11T11:01:52","modified_gmt":"2024-03-11T08:01:52","slug":"adil-ticaret-nedir","status":"publish","type":"post","link":"https:\/\/bizix.com.tr\/en\/adil-ticaret-nedir\/","title":{"rendered":"Adil Ticaret Nedir"},"content":{"rendered":"<div data-elementor-type=\"wp-post\" data-elementor-id=\"17173\" class=\"elementor elementor-17173\" data-elementor-post-type=\"post\">\n\t\t\t\t<div class=\"elementor-element elementor-element-20caf76 e-flex e-con-boxed e-con e-parent\" data-id=\"20caf76\" data-element_type=\"container\" data-e-type=\"container\">\n\t\t\t\t\t<div class=\"e-con-inner\">\n\t\t\t\t<div class=\"elementor-element elementor-element-29903c7 elementor-widget elementor-widget-spacer\" data-id=\"29903c7\" data-element_type=\"widget\" data-e-type=\"widget\" data-widget_type=\"spacer.default\">\n\t\t\t\t<div class=\"elementor-widget-container\">\n\t\t\t\t\t\t\t<div class=\"elementor-spacer\">\n\t\t\t<div class=\"elementor-spacer-inner\"><\/div>\n\t\t<\/div>\n\t\t\t\t\t\t<\/div>\n\t\t\t\t<\/div>\n\t\t\t\t\t<\/div>\n\t\t\t\t<\/div>\n\t\t<div class=\"elementor-element elementor-element-4877b17 e-flex e-con-boxed e-con e-parent\" data-id=\"4877b17\" data-element_type=\"container\" data-e-type=\"container\" data-settings=\"{&quot;background_background&quot;:&quot;classic&quot;}\">\n\t\t\t\t\t<div class=\"e-con-inner\">\n\t\t\t\t<div class=\"elementor-element elementor-element-86f68a7 elementor-widget elementor-widget-heading\" data-id=\"86f68a7\" data-element_type=\"widget\" data-e-type=\"widget\" data-widget_type=\"heading.default\">\n\t\t\t\t<div class=\"elementor-widget-container\">\n\t\t\t\t\t<h2 class=\"elementor-heading-title elementor-size-default\">AD\u0130L T\u0130CARET NED\u0130R<\/h2>\t\t\t\t<\/div>\n\t\t\t\t<\/div>\n\t\t\t\t\t<\/div>\n\t\t\t\t<\/div>\n\t\t<div class=\"elementor-element elementor-element-33b0b454 e-flex e-con-boxed e-con e-parent\" data-id=\"33b0b454\" data-element_type=\"container\" data-e-type=\"container\">\n\t\t\t\t\t<div class=\"e-con-inner\">\n\t\t\t\t<div class=\"elementor-element elementor-element-66104bf8 elementor-widget elementor-widget-text-editor\" data-id=\"66104bf8\" data-element_type=\"widget\" data-e-type=\"widget\" data-widget_type=\"text-editor.default\">\n\t\t\t\t<div class=\"elementor-widget-container\">\n\t\t\t\t\t\t\t\t\t\n<p>&#8220;Adil Ticaret&#8221;, uluslararas\u0131 ticarette daha fazla e\u015fitlik arayan diyalog, \u015feffafl\u0131k ve sayg\u0131ya dayal\u0131 bir ticaret ortakl\u0131\u011f\u0131d\u0131r. Daha iyi ticaret ko\u015fullar\u0131 sunarak ve \u00f6tekile\u015ftirilmi\u015f \u00fcreticilerin ve i\u015f\u00e7ilerin haklar\u0131n\u0131 g\u00fcvence alt\u0131na alarak s\u00fcrd\u00fcr\u00fclebilir kalk\u0131nmaya katk\u0131da bulunur.\u00a0<\/p>\n\n<h2 id=\"h-adil-ticaret-ticaretten-daha-fazlasidir-nbsp\" class=\"wp-block-heading\">Adil Ticaret, ticaretten daha fazlas\u0131d\u0131r:\u00a0<\/h2>\n\n<ul class=\"wp-block-list\">\n<li>\u0130nsanlar\u0131 ve gezegeni k\u00e2r\u0131n \u00f6n\u00fcne koyan bir i\u015f ve ticaret vizyonudur.\u00a0<\/li>\n\n<li>Yoksulluk, iklim de\u011fi\u015fikli\u011fi, cinsiyet e\u015fitsizli\u011fi ve adaletsizlikle m\u00fccadele eder\u00a0<\/li>\n\n<li>Yeni ekonominin kurumsal modellerini sergileyen bir kavramd\u0131r.\u00a0<\/li>\n<\/ul>\n\n<p>Adil Ticaret Organizasyonlar\u0131, misyonlar\u0131n\u0131n \u00f6z\u00fc olarak Adil Ticarete a\u00e7\u0131k bir ba\u011fl\u0131l\u0131\u011fa sahiptir. Bilin\u00e7li t\u00fcketiciler taraf\u0131ndan desteklenen bu \u015firketler, \u00e7ift\u00e7ileri ve \u00fcreticileri iyi \u00e7al\u0131\u015fma ko\u015fullar\u0131 ve \u00e7al\u0131\u015fmalar\u0131 i\u00e7in adil \u00f6deme elde etmeleri i\u00e7in desteklemekte aktif olarak yer almakta ve ayr\u0131ca geleneksel uluslararas\u0131 ticaretin kurallar\u0131nda ve uygulamas\u0131nda de\u011fi\u015fiklikler i\u00e7in fark\u0131ndal\u0131k ve kampanyalar yapmaktad\u0131r.\u00a0<\/p>\n\n<p>K\u00fcresel WFTO \u00fcyeli\u011fi, 82 \u00fclkeden 400`den fazla do\u011frulanm\u0131\u015f Adil Ticaret Kurulu\u015fundan olu\u015fmaktad\u0131r. WFTO`nun t\u00fcm \u00fcyeleri ve \u00fcr\u00fcnlerinde WFTO Garantili Adil Ticaret etiketini kullanmak isteyen kurulu\u015flar, WFTO taraf\u0131ndan Adil Ticaretin 10 \u0130lkesine g\u00f6re do\u011frulan\u0131r ve denetlenir.\u00a0\u00a0<\/p>\n\t\t\t\t\t\t\t\t<\/div>\n\t\t\t\t<\/div>\n\t\t\t\t<div class=\"elementor-element elementor-element-421a103 elementor-widget elementor-widget-image\" data-id=\"421a103\" data-element_type=\"widget\" data-e-type=\"widget\" data-widget_type=\"image.default\">\n\t\t\t\t<div class=\"elementor-widget-container\">\n\t\t\t\t\t\t\t\t\t\t\t\t\t\t\t<img fetchpriority=\"high\" decoding=\"async\" width=\"800\" height=\"260\" src=\"https:\/\/bizix.com.tr\/wp-content\/uploads\/2023\/12\/adil-ticaretin-10-ilkesi-1024x333.png\" class=\"attachment-large size-large wp-image-17172\" alt=\"Adil Ticaret Nedir?\" srcset=\"https:\/\/bizix.com.tr\/wp-content\/uploads\/2023\/12\/adil-ticaretin-10-ilkesi-1024x333.png 1024w, https:\/\/bizix.com.tr\/wp-content\/uploads\/2023\/12\/adil-ticaretin-10-ilkesi-300x97.png 300w, https:\/\/bizix.com.tr\/wp-content\/uploads\/2023\/12\/adil-ticaretin-10-ilkesi-768x249.png 768w, https:\/\/bizix.com.tr\/wp-content\/uploads\/2023\/12\/adil-ticaretin-10-ilkesi-18x6.png 18w, https:\/\/bizix.com.tr\/wp-content\/uploads\/2023\/12\/adil-ticaretin-10-ilkesi.png 1170w\" sizes=\"(max-width: 800px) 100vw, 800px\" \/>\t\t\t\t\t\t\t\t\t\t\t\t\t\t\t<\/div>\n\t\t\t\t<\/div>\n\t\t\t\t\t<\/div>\n\t\t\t\t<\/div>\n\t\t\t\t<\/div>","protected":false},"excerpt":{"rendered":"<p>&#8220;Adil Ticaret&#8221;, uluslararas\u0131 ticarette daha fazla e\u015fitlik arayan diyalog, \u015feffafl\u0131k ve sayg\u0131ya dayal\u0131 bir ticaret ortakl\u0131\u011f\u0131d\u0131r. <\/p>","protected":false},"author":1,"featured_media":17175,"comment_status":"open","ping_status":"closed","sticky":false,"template":"","format":"standard","meta":{"_joinchat":[],"footnotes":""},"categories":[319],"tags":[],"class_list":["post-17173","post","type-post","status-publish","format-standard","has-post-thumbnail","hentry","category-surdurulebilir-turizm"],"_links":{"self":[{"href":"https:\/\/bizix.com.tr\/en\/wp-json\/wp\/v2\/posts\/17173","targetHints":{"allow":["GET"]}}],"collection":[{"href":"https:\/\/bizix.com.tr\/en\/wp-json\/wp\/v2\/posts"}],"about":[{"href":"https:\/\/bizix.com.tr\/en\/wp-json\/wp\/v2\/types\/post"}],"author":[{"embeddable":true,"href":"https:\/\/bizix.com.tr\/en\/wp-json\/wp\/v2\/users\/1"}],"replies":[{"embeddable":true,"href":"https:\/\/bizix.com.tr\/en\/wp-json\/wp\/v2\/comments?post=17173"}],"version-history":[{"count":0,"href":"https:\/\/bizix.com.tr\/en\/wp-json\/wp\/v2\/posts\/17173\/revisions"}],"wp:featuredmedia":[{"embeddable":true,"href":"https:\/\/bizix.com.tr\/en\/wp-json\/wp\/v2\/media\/17175"}],"wp:attachment":[{"href":"https:\/\/bizix.com.tr\/en\/wp-json\/wp\/v2\/media?parent=17173"}],"wp:term":[{"taxonomy":"category","embeddable":true,"href":"https:\/\/bizix.com.tr\/en\/wp-json\/wp\/v2\/categories?post=17173"},{"taxonomy":"post_tag","embeddable":true,"href":"https:\/\/bizix.com.tr\/en\/wp-json\/wp\/v2\/tags?post=17173"}],"curies":[{"name":"wp","href":"https:\/\/api.w.org\/{rel}","templated":true}]}}